{"id":55261,"date":"2026-04-26T06:00:29","date_gmt":"2026-04-26T09:00:29","guid":{"rendered":"https:\/\/aprendizdomundo.com\/portal\/?p=55261"},"modified":"2026-04-26T15:04:03","modified_gmt":"2026-04-26T18:04:03","slug":"atracaonacionalnaresonance420","status":"publish","type":"post","link":"https:\/\/aprendizdomundo.com\/portal\/2026\/04\/26\/atracaonacionalnaresonance420\/","title":{"rendered":"P\u00e2mela Amaro na Resonance neste domingo, 03\/05"},"content":{"rendered":"<p>Acompanhe a audi\u00e7\u00e3o 420 (na Resonance) do <strong>Atra\u00e7\u00e3o Nacional<\/strong> neste domingo, a partir das <strong>18h00<\/strong>, pela <strong><a title=\"Resonance R\u00e1dio\" href=\"http:\/\/www.resonanceradio.com.br\/\" target=\"_blank\" rel=\"noopener\">Resonance R\u00e1dio<\/a><\/strong>. Uma produ\u00e7\u00e3o original da <strong><a title=\"R\u00e1dio Universidade AM\" href=\"https:\/\/www.ufsm.br\/radio\" target=\"_blank\" rel=\"noopener\">R\u00e1dio Universidade AM<\/a><\/strong>.<\/p>\n<p><img fetchpriority=\"high\" decoding=\"async\" title=\"P\u00e2mela Amaro\" class=\"alignleft\" src=\"https:\/\/aprendizdomundo.com\/imagens\/an_pamelaamaro.jpg\" alt=\"P\u00e2mela Amaro\" width=\"320\" height=\"320\" \/>A audi\u00e7\u00e3o desta semana destaca mais um programa da S\u00e9rie Musicalidade, tocando a obra gravada de <strong>P\u00e2mela Amaro<\/strong>. A compositora, cantora, instrumentista, atriz e poetisa P\u00e2mela Amaro \u00e9 natural de Porto Alegre. Nos \u00faltimos anos, tem se destacado como importante voz do samba no Rio Grande do Sul. Oriunda de uma fam\u00edlia de m\u00fasicos, toca cavaquinho, percuss\u00e3o e tem longo caminho na cena teatral, atuando em diversos grupos. A estreia em disco aconteceu no ano de 2020, com o lan\u00e7amento do EP Veneno do Caf\u00e9. Em 2022, foi agraciada com o Pr\u00eamio A\u00e7orianos de M\u00fasica, na categoria Int\u00e9rprete de MPB. A cantora tamb\u00e9m integra o grupo Tr\u00eas Marias, ao lado das artistas Dessa Ferreira, Gutcha Ramil, Tamiris Duarte e Thayan Martins. Em 2023 lan\u00e7ou o livro Casa de Versos, reunindo uma sele\u00e7\u00e3o de poemas-can\u00e7\u00f5es.<\/p>\n<p>A <strong>playlist<\/strong> para hoje \u00e9 a seguinte:<\/p>\n<p>Deixa Que eu Vou te Contar, part. Ma\u00edra Freitas e Yzal\u00fa<br \/>\nVeneno do Caf\u00e9<br \/>\nAntes de N\u00f3s<br \/>\nA Caixa e o Tamborim<br \/>\nNegro Amar<br \/>\nJ\u00e1 Ganhou Meu Cora\u00e7\u00e3o<br \/>\nSamba \u00e0s Avessas, part. Nilze Carvalho<br \/>\nColo de M\u00e3e<br \/>\nVadeia\/O Sol Chorou<br \/>\nN\u00e3o Posso Chamar de Meu Rei<br \/>\nComunicado<br \/>\nBatucada da Turma<br \/>\nSamba Arte Popular<br \/>\nCasa de Versos<br \/>\nSauda\u00e7\u00e3o a Tupan, part. Coral Tekoa Ywy Poty<\/p>\n<p>O <strong><a title=\"Atra\u00e7\u00e3o Nacional\" href=\"https:\/\/aprendizdomundo.com\/portal\/perfil_atracaonacional\/\">Atra\u00e7\u00e3o Nacional<\/a><\/strong> vai ao ar pela <strong>Resonance R\u00e1dio<\/strong>, todo domingo, na faixa das 18h00 \u00e0s 19h00. A dire\u00e7\u00e3o, pesquisa, produ\u00e7\u00e3o, sele\u00e7\u00e3o de repert\u00f3rio, reda\u00e7\u00e3o de texto, apresenta\u00e7\u00e3o e edi\u00e7\u00e3o \u00e9 de <strong><a title=\"Milton Oliveira\" target=\"_blank\" rel=\"noopener\" href=\"https:\/\/aprendizdomundo.com\/miltonoliveira\">Milton Oliveira<\/a><\/strong>.<\/p>\n<p>O programa pode ser ouvido pela home page da emissora, em <strong><a title=\"Resonance R\u00e1dio\" href=\"http:\/\/www.resonanceradio.com.br\/\" target=\"_blank\" rel=\"noopener\">www.resonanceradio.com.br<\/a><\/strong>, ou pelo smartphone, acessando seu aplicativo favorito.<\/p>\n<p>O <strong>Atra\u00e7\u00e3o Nacional<\/strong> tamb\u00e9m \u00e9 veiculado pela <strong><a title=\"R\u00e1dio Universidade AM\" href=\"https:\/\/www.ufsm.br\/radio\" target=\"_blank\" rel=\"noopener\">Universidade 800 AM<\/a><\/strong>, de segunda a sexta, na faixa das 20h00 \u00e0s 21h00; pela <strong><a title=\"R\u00e1dio Uni FM\" href=\"https:\/\/www.ufsm.br\/radio\" target=\"_blank\" rel=\"noopener\">Uni FM 107.9<\/a><\/strong>, de segunda a sexta, na faixa das 22h00 \u00e0s 23h00; e pela <strong><a title=\"R\u00e1dio Bloco\" href=\"http:\/\/www.radiobloco.net\/\" target=\"_blank\" rel=\"noopener\">R\u00e1dio Bloco<\/a><\/strong>, toda ter\u00e7a, na faixa das 17h00 \u00e0s 18h00. As audi\u00e7\u00f5es n\u00e3o s\u00e3o vinculadas, os destaques s\u00e3o sempre diferentes em cada emissora.<\/p>\n<p>Curta a fanpage do nosso programa em <strong><strong><a href=\"http:\/\/www.facebook.com\/atracaonacional\" target=\"_blank\" rel=\"noopener\" title=\"Atra\u00e7\u00e3o Nacional no Facebook\">facebook.com\/atracaonacional<\/a><\/strong><\/strong>.<\/p>\n","protected":false},"excerpt":{"rendered":"<p>Acompanhe a audi\u00e7\u00e3o 420 (na Resonance) do Atra\u00e7\u00e3o Nacional neste domingo, a partir das 18h00, pela Resonance R\u00e1dio. Uma produ\u00e7\u00e3o original da R\u00e1dio Universidade AM. A audi\u00e7\u00e3o desta semana destaca mais um programa da S\u00e9rie Musicalidade, tocando a obra gravada de P\u00e2mela Amaro. A compositora, cantora, instrumentista, atriz e poetisa P\u00e2mela Amaro \u00e9 natural de [&#8230;] <\/p>\n<p class=\"more-link-container\"><a href=\"https:\/\/aprendizdomundo.com\/portal\/2026\/04\/26\/atracaonacionalnaresonance420\/\" class=\"more-link\">Read More<span class=\"screen-reader-text\"> &#8220;P\u00e2mela Amaro na Resonance neste domingo, 03\/05&#8221;<\/span><\/a><\/p>\n","protected":false},"author":1,"featured_media":52890,"comment_status":"closed","ping_status":"closed","sticky":false,"template":"","format":"standard","meta":{"_eb_attr":"","footnotes":""},"categories":[4],"tags":[29,49],"class_list":["post-55261","post","type-post","status-publish","format-standard","has-post-thumbnail","hentry","category-atracao","tag-atracao-nacional","tag-musica-do-brasil"],"nelio_content":{"autoShareEndMode":"never","automationSources":{"useCustomSentences":false,"customSentences":[]},"efiAlt":"","efiUrl":"","followers":[1],"highlights":[],"isAutoShareEnabled":true,"networkImageIds":[],"permalinkQueryArgs":[],"series":[],"suggestedReferences":[]},"_links":{"self":[{"href":"https:\/\/aprendizdomundo.com\/portal\/wp-json\/wp\/v2\/posts\/55261","targetHints":{"allow":["GET"]}}],"collection":[{"href":"https:\/\/aprendizdomundo.com\/portal\/wp-json\/wp\/v2\/posts"}],"about":[{"href":"https:\/\/aprendizdomundo.com\/portal\/wp-json\/wp\/v2\/types\/post"}],"author":[{"embeddable":true,"href":"https:\/\/aprendizdomundo.com\/portal\/wp-json\/wp\/v2\/users\/1"}],"replies":[{"embeddable":true,"href":"https:\/\/aprendizdomundo.com\/portal\/wp-json\/wp\/v2\/comments?post=55261"}],"version-history":[{"count":1,"href":"https:\/\/aprendizdomundo.com\/portal\/wp-json\/wp\/v2\/posts\/55261\/revisions"}],"predecessor-version":[{"id":55262,"href":"https:\/\/aprendizdomundo.com\/portal\/wp-json\/wp\/v2\/posts\/55261\/revisions\/55262"}],"wp:featuredmedia":[{"embeddable":true,"href":"https:\/\/aprendizdomundo.com\/portal\/wp-json\/wp\/v2\/media\/52890"}],"wp:attachment":[{"href":"https:\/\/aprendizdomundo.com\/portal\/wp-json\/wp\/v2\/media?parent=55261"}],"wp:term":[{"taxonomy":"category","embeddable":true,"href":"https:\/\/aprendizdomundo.com\/portal\/wp-json\/wp\/v2\/categories?post=55261"},{"taxonomy":"post_tag","embeddable":true,"href":"https:\/\/aprendizdomundo.com\/portal\/wp-json\/wp\/v2\/tags?post=55261"}],"curies":[{"name":"wp","href":"https:\/\/api.w.org\/{rel}","templated":true}]}}