{"id":55295,"date":"2026-05-02T00:01:17","date_gmt":"2026-05-02T03:01:17","guid":{"rendered":"https:\/\/aprendizdomundo.com\/portal\/?p=55295"},"modified":"2026-04-26T15:15:56","modified_gmt":"2026-04-26T18:15:56","slug":"geracaobrasileira333","status":"publish","type":"post","link":"https:\/\/aprendizdomundo.com\/portal\/2026\/05\/02\/geracaobrasileira333\/","title":{"rendered":"Gera\u00e7\u00e3o Brasileira nos 800 AM neste s\u00e1bado, 02\/05"},"content":{"rendered":"<p><img fetchpriority=\"high\" decoding=\"async\" class=\"alignleft\" title=\"Gera\u00e7\u00e3o Brasileira\" src=\"https:\/\/aprendizdomundo.com\/imagens\/marca800_geracaobrasileira.png\" alt=\"Gera\u00e7\u00e3o Brasileira\" width=\"320\" height=\"320\" \/>Acompanhe o <strong>Gera\u00e7\u00e3o Brasileira<\/strong> neste s\u00e1bado, a partir das <strong>07h00<\/strong>, pela <strong>R\u00e1dio Universidade AM<\/strong>.<\/p>\n<p>A audi\u00e7\u00e3o desta semana re\u00fane o seguinte repert\u00f3rio:<\/p>\n<p>Renato e Seus Blue Caps &#8211; Meu Bem N\u00e3o Me Quer<br \/>\nAtaulfo Alves Jr &#8211; Os Meninos da Mangueira<br \/>\nRosinha de Valen\u00e7a &#8211; Tema da Cu\u00edca<br \/>\nWando &#8211; Anjo da Manha<br \/>\nEliana Pittman &#8211; Vou-me Embora<br \/>\nNenhum de N\u00f3s &#8211; Uma Pequena Hist\u00f3ria<br \/>\nLula Cortes &#8211; Lua Viva<br \/>\nBelchior &#8211; Alucina\u00e7\u00e3o<br \/>\nBar\u00e3o Vermelho &#8211; Todo o Amor Que Houver Nessa Vida<br \/>\nHyldon &#8211; S\u00e1bado e Domingo<br \/>\nMarisa Monte &#8211; Bem Que Se Quis<br \/>\nJorge Ben Jor e Caetano Veloso &#8211; Ive Brussel<br \/>\nMaria Beth\u00e2nia &#8211; Cheiro de Amor<br \/>\nBebeto &#8211; Menina Carolina<br \/>\nKleiton e Kledir &#8211; Paix\u00e3o<br \/>\nMiltinho &#8211; Cicatrizes<br \/>\nTavito &#8211; O Maior Mist\u00e9rio<br \/>\nRosana &#8211; Cidad\u00e3 do Mundo<br \/>\nGilliard &#8211; Aquela Nuvem<br \/>\nVitor Ramil &#8211; Sim e Fim<br \/>\nMoraes Moreira &#8211; Guitarra Baiana<br \/>\nFren\u00e9ticas &#8211; Pessoal e Intransfer\u00edvel<br \/>\nCarlos Daf\u00e9 &#8211; Pra Que Vou Recordar o Que Chorei<br \/>\nJane e Herondy &#8211; N\u00e3o Se Va<br \/>\nLisa Ono &#8211; Os Dois<br \/>\nTransamba &#8211; Do Lado Direito da Rua Direita<br \/>\nNara Le\u00e3o &#8211; Quero Que Va Tudo Pro Inferno<br \/>\nDjavan &#8211; Asa<br \/>\nJo\u00e3o Nogueira &#8211; Amor de Malandro<br \/>\nZizi Possi &#8211; De um Rol\u00ea<br \/>\nBrylho &#8211; Se Voc\u00ea For a Salvador<br \/>\nMilton Nascimento &#8211; Nos Bailes da Vida<\/p>\n<p><strong><a title=\"Gera\u00e7\u00e3o Brasileira\" href=\"https:\/\/aprendizdomundo.com\/portal\/perfil_geracaobrasileira\/\">Gera\u00e7\u00e3o Brasileira<\/a><\/strong> \u00e9 um programa voltado \u00e0 execu\u00e7\u00e3o de can\u00e7\u00f5es brasileiras contempor\u00e2neas, reunindo sucessos das d\u00e9cadas de 1960 a 1990.<\/p>\n<p>A atra\u00e7\u00e3o vai ao ar pela <strong>Universidade AM<\/strong>, todo s\u00e1bado, na faixa das 07h00 \u00e0s 09h00. A pesquisa, produ\u00e7\u00e3o, sele\u00e7\u00e3o de repert\u00f3rio e edi\u00e7\u00e3o \u00e9 de <strong><a title=\"Milton Oliveira\" target=\"_blank\" rel=\"noopener\" href=\"https:\/\/aprendizdomundo.com\/miltonoliveira\">Milton Oliveira<\/a><\/strong>.<\/p>\n<p>O programa pode ser ouvido pelos <strong>800 AM<\/strong>, pelo <strong><a title=\"R\u00e1dio Universidade AM\" href=\"https:\/\/www.ufsm.br\/radio\" target=\"_blank\" rel=\"noopener\">site da emissora<\/a><\/strong> ou pelo smartphone, acessando seu aplicativo favorito.<\/p>\n","protected":false},"excerpt":{"rendered":"<p>Acompanhe o Gera\u00e7\u00e3o Brasileira neste s\u00e1bado, a partir das 07h00, pela R\u00e1dio Universidade AM. A audi\u00e7\u00e3o desta semana re\u00fane o seguinte repert\u00f3rio: Renato e Seus Blue Caps &#8211; Meu Bem N\u00e3o Me Quer Ataulfo Alves Jr &#8211; Os Meninos da Mangueira Rosinha de Valen\u00e7a &#8211; Tema da Cu\u00edca Wando &#8211; Anjo da Manha Eliana Pittman [&#8230;] <\/p>\n<p class=\"more-link-container\"><a href=\"https:\/\/aprendizdomundo.com\/portal\/2026\/05\/02\/geracaobrasileira333\/\" class=\"more-link\">Read More<span class=\"screen-reader-text\"> &#8220;Gera\u00e7\u00e3o Brasileira nos 800 AM neste s\u00e1bado, 02\/05&#8221;<\/span><\/a><\/p>\n","protected":false},"author":1,"featured_media":52884,"comment_status":"closed","ping_status":"closed","sticky":false,"template":"","format":"standard","meta":{"_eb_attr":"","footnotes":""},"categories":[14],"tags":[32,129],"class_list":["post-55295","post","type-post","status-publish","format-standard","has-post-thumbnail","hentry","category-geracaobrasileira","tag-cancoes-do-brasil","tag-geracao-brasileira"],"nelio_content":{"autoShareEndMode":"never","automationSources":{"useCustomSentences":false,"customSentences":[]},"efiAlt":"","efiUrl":"","followers":[1],"highlights":[],"isAutoShareEnabled":true,"networkImageIds":[],"permalinkQueryArgs":[],"series":[],"suggestedReferences":[]},"_links":{"self":[{"href":"https:\/\/aprendizdomundo.com\/portal\/wp-json\/wp\/v2\/posts\/55295","targetHints":{"allow":["GET"]}}],"collection":[{"href":"https:\/\/aprendizdomundo.com\/portal\/wp-json\/wp\/v2\/posts"}],"about":[{"href":"https:\/\/aprendizdomundo.com\/portal\/wp-json\/wp\/v2\/types\/post"}],"author":[{"embeddable":true,"href":"https:\/\/aprendizdomundo.com\/portal\/wp-json\/wp\/v2\/users\/1"}],"replies":[{"embeddable":true,"href":"https:\/\/aprendizdomundo.com\/portal\/wp-json\/wp\/v2\/comments?post=55295"}],"version-history":[{"count":1,"href":"https:\/\/aprendizdomundo.com\/portal\/wp-json\/wp\/v2\/posts\/55295\/revisions"}],"predecessor-version":[{"id":55296,"href":"https:\/\/aprendizdomundo.com\/portal\/wp-json\/wp\/v2\/posts\/55295\/revisions\/55296"}],"wp:featuredmedia":[{"embeddable":true,"href":"https:\/\/aprendizdomundo.com\/portal\/wp-json\/wp\/v2\/media\/52884"}],"wp:attachment":[{"href":"https:\/\/aprendizdomundo.com\/portal\/wp-json\/wp\/v2\/media?parent=55295"}],"wp:term":[{"taxonomy":"category","embeddable":true,"href":"https:\/\/aprendizdomundo.com\/portal\/wp-json\/wp\/v2\/categories?post=55295"},{"taxonomy":"post_tag","embeddable":true,"href":"https:\/\/aprendizdomundo.com\/portal\/wp-json\/wp\/v2\/tags?post=55295"}],"curies":[{"name":"wp","href":"https:\/\/api.w.org\/{rel}","templated":true}]}}