{"id":57654,"date":"2026-08-31T06:00:33","date_gmt":"2026-08-31T09:00:33","guid":{"rendered":"https:\/\/aprendizdomundo.com\/portal\/?p=57654"},"modified":"2026-08-08T18:09:25","modified_gmt":"2026-08-08T21:09:25","slug":"atracaonacional2128","status":"publish","type":"post","link":"https:\/\/aprendizdomundo.com\/portal\/2026\/08\/31\/atracaonacional2128\/","title":{"rendered":"Atra\u00e7\u00e3o Nacional na Universidade AM nesta segunda, 31\/08"},"content":{"rendered":"<p>Acompanhe o <strong>Atra\u00e7\u00e3o Nacional<\/strong> de hoje, a partir das <strong>20h00<\/strong>, na programa\u00e7\u00e3o da <strong><a title=\"R\u00e1dio Universidade AM\" href=\"https:\/\/www.ufsm.br\/radio\" target=\"_blank\" rel=\"noopener\">R\u00e1dio Universidade AM<\/a><\/strong>.<\/p>\n<p><img fetchpriority=\"high\" decoding=\"async\" title=\"Atra\u00e7\u00e3o Nacional na Universidade AM\" class=\"alignleft\" src=\"https:\/\/aprendizdomundo.com\/imagens\/marca800_atracao_universidadeam.png\" alt=\"Atra\u00e7\u00e3o Nacional na Universidade AM\" width=\"320\" height=\"320\" \/>A audi\u00e7\u00e3o desta noite destaca mais uma sele\u00e7\u00e3o especial, reunindo diversos artistas do nosso elenco. Estamos em per\u00edodo eleitoral, quando nossa emissora precisa dedicar tempo da sua grade de programa\u00e7\u00e3o para veicula\u00e7\u00e3o dos spots da campanha pol\u00edtica, por isso estamos apresentando esta s\u00e9rie exclusiva.<\/p>\n<p>A <strong>playlist<\/strong> que vamos ouvir \u00e9 a seguinte:<\/p>\n<p>Israel Costa Band &#8211; Seja Eu<br \/>\nBalara &#8211; Quem Nunca<br \/>\nLara Rossato &#8211; Transbordei<br \/>\nMarcos Pagu &#8211; Carta Para Rita Lee<br \/>\nMirian\u00eas Zabot &#8211; Anabela<br \/>\nLel\u00ea Floresta &#8211; Contraluz<br \/>\nGraxelos &#8211; Tropica, Mas N\u00e3o Cai<br \/>\nLarissa Cavalcanti &#8211; \u00c0 Meia Luz<br \/>\nPr\u00f3ximo Andar &#8211; Mais Uma Vez<br \/>\nBruno Capinan &#8211; Me Leva<br \/>\nLuiza Sales &#8211; Rever\u00eancia<br \/>\nLupa &#8211; Ch\u00e1<\/p>\n<p>O <strong><a title=\"Atra\u00e7\u00e3o Nacional\" href=\"https:\/\/aprendizdomundo.com\/portal\/perfil_atracaonacional\/\">Atra\u00e7\u00e3o Nacional<\/a><\/strong> vai ao ar pela <strong>Universidade AM<\/strong>, de segunda a sexta, na faixa das 20h00 \u00e0s 21h00. A curadoria de elenco, dire\u00e7\u00e3o, pesquisa, produ\u00e7\u00e3o, sele\u00e7\u00e3o de repert\u00f3rio, reda\u00e7\u00e3o de texto, apresenta\u00e7\u00e3o e edi\u00e7\u00e3o \u00e9 de <strong><a title=\"Milton Oliveira\" target=\"_blank\" rel=\"noopener\" href=\"https:\/\/aprendizdomundo.com\/miltonoliveira\">Milton Oliveira<\/a><\/strong>.<\/p>\n<p>O programa pode ser ouvido pelos <strong>800 AM<\/strong>; pela home page da emissora, em <strong><a title=\"R\u00e1dio Universidade AM\" href=\"https:\/\/www.ufsm.br\/radio\" target=\"_blank\" rel=\"noopener\">ufsm.br\/radio<\/a><\/strong>; ou pelo smartphone, acessando seu aplicativo favorito.<\/p>\n<p>O <strong>Atra\u00e7\u00e3o Nacional<\/strong> tamb\u00e9m \u00e9 veiculado pela <strong><a title=\"R\u00e1dio Uni FM\" href=\"https:\/\/www.ufsm.br\/radio\" target=\"_blank\" rel=\"noopener\">Uni FM 107.9<\/a><\/strong>, de segunda a sexta, na faixa das 22h00 \u00e0s 23h00; pela <strong><a title=\"Resonance R\u00e1dio\" href=\"http:\/\/www.resonanceradio.com.br\/\" target=\"_blank\" rel=\"noopener\">Resonance R\u00e1dio<\/a><\/strong>, todo domingo, na faixa das 18h00 \u00e0s 19h00; e pela <strong><a title=\"R\u00e1dio Bloco\" href=\"http:\/\/www.radiobloco.net\/\" target=\"_blank\" rel=\"noopener\">R\u00e1dio Bloco<\/a><\/strong>, toda ter\u00e7a, na faixa das 17h00 \u00e0s 18h00. As audi\u00e7\u00f5es n\u00e3o s\u00e3o vinculadas, os destaques s\u00e3o sempre diferentes em cada emissora.<\/p>\n<p>Curta a fanpage do nosso programa em <strong><strong><a href=\"http:\/\/www.facebook.com\/atracaonacional\" target=\"_blank\" rel=\"noopener\" title=\"Atra\u00e7\u00e3o Nacional no Facebook\">facebook.com\/atracaonacional<\/a><\/strong><\/strong>.<\/p>\n","protected":false},"excerpt":{"rendered":"<p>Acompanhe o Atra\u00e7\u00e3o Nacional de hoje, a partir das 20h00, na programa\u00e7\u00e3o da R\u00e1dio Universidade AM. A audi\u00e7\u00e3o desta noite destaca mais uma sele\u00e7\u00e3o especial, reunindo diversos artistas do nosso elenco. Estamos em per\u00edodo eleitoral, quando nossa emissora precisa dedicar tempo da sua grade de programa\u00e7\u00e3o para veicula\u00e7\u00e3o dos spots da campanha pol\u00edtica, por isso [&#8230;] <\/p>\n<p class=\"more-link-container\"><a href=\"https:\/\/aprendizdomundo.com\/portal\/2026\/08\/31\/atracaonacional2128\/\" class=\"more-link\">Read More<span class=\"screen-reader-text\"> &#8220;Atra\u00e7\u00e3o Nacional na Universidade AM nesta segunda, 31\/08&#8221;<\/span><\/a><\/p>\n","protected":false},"author":1,"featured_media":52890,"comment_status":"closed","ping_status":"closed","sticky":false,"template":"","format":"standard","meta":{"_eb_attr":"","footnotes":""},"categories":[4],"tags":[29,49,151],"class_list":["post-57654","post","type-post","status-publish","format-standard","has-post-thumbnail","hentry","category-atracao","tag-atracao-nacional","tag-musica-do-brasil","tag-selecao-especial"],"nelio_content":{"autoShareEndMode":"never","automationSources":{"useCustomSentences":false,"customSentences":[]},"efiAlt":"","efiUrl":"","followers":[1],"highlights":[],"isAutoShareEnabled":true,"networkImageIds":[],"permalinkQueryArgs":[],"series":[],"suggestedReferences":[]},"_links":{"self":[{"href":"https:\/\/aprendizdomundo.com\/portal\/wp-json\/wp\/v2\/posts\/57654","targetHints":{"allow":["GET"]}}],"collection":[{"href":"https:\/\/aprendizdomundo.com\/portal\/wp-json\/wp\/v2\/posts"}],"about":[{"href":"https:\/\/aprendizdomundo.com\/portal\/wp-json\/wp\/v2\/types\/post"}],"author":[{"embeddable":true,"href":"https:\/\/aprendizdomundo.com\/portal\/wp-json\/wp\/v2\/users\/1"}],"replies":[{"embeddable":true,"href":"https:\/\/aprendizdomundo.com\/portal\/wp-json\/wp\/v2\/comments?post=57654"}],"version-history":[{"count":1,"href":"https:\/\/aprendizdomundo.com\/portal\/wp-json\/wp\/v2\/posts\/57654\/revisions"}],"predecessor-version":[{"id":57655,"href":"https:\/\/aprendizdomundo.com\/portal\/wp-json\/wp\/v2\/posts\/57654\/revisions\/57655"}],"wp:featuredmedia":[{"embeddable":true,"href":"https:\/\/aprendizdomundo.com\/portal\/wp-json\/wp\/v2\/media\/52890"}],"wp:attachment":[{"href":"https:\/\/aprendizdomundo.com\/portal\/wp-json\/wp\/v2\/media?parent=57654"}],"wp:term":[{"taxonomy":"category","embeddable":true,"href":"https:\/\/aprendizdomundo.com\/portal\/wp-json\/wp\/v2\/categories?post=57654"},{"taxonomy":"post_tag","embeddable":true,"href":"https:\/\/aprendizdomundo.com\/portal\/wp-json\/wp\/v2\/tags?post=57654"}],"curies":[{"name":"wp","href":"https:\/\/api.w.org\/{rel}","templated":true}]}}