{"id":57683,"date":"2026-08-31T07:00:14","date_gmt":"2026-08-31T10:00:14","guid":{"rendered":"https:\/\/aprendizdomundo.com\/portal\/?p=57683"},"modified":"2026-08-09T11:00:45","modified_gmt":"2026-08-09T14:00:45","slug":"atracaonacionalnaunifm2023","status":"publish","type":"post","link":"https:\/\/aprendizdomundo.com\/portal\/2026\/08\/31\/atracaonacionalnaunifm2023\/","title":{"rendered":"Atra\u00e7\u00e3o Nacional na Universidade AM nesta segunda, 31\/08"},"content":{"rendered":"<p>Acompanhe o <strong>Atra\u00e7\u00e3o Nacional<\/strong> de hoje, a partir das <strong>22h00<\/strong>, pela <strong><a title=\"R\u00e1dio Uni FM\" href=\"https:\/\/www.ufsm.br\/radio\" target=\"_blank\" rel=\"noopener\">R\u00e1dio Uni FM<\/a><\/strong>.<\/p>\n<p><img fetchpriority=\"high\" decoding=\"async\" title=\"Atra\u00e7\u00e3o Nacional na Universidade AM\" class=\"alignleft\" src=\"https:\/\/aprendizdomundo.com\/imagens\/marca800_atracao_unifm.png\" alt=\"Atra\u00e7\u00e3o Nacional na Uni FM\" width=\"320\" height=\"320\" \/>A audi\u00e7\u00e3o desta noite destaca mais uma sele\u00e7\u00e3o especial, reunindo diversos artistas do nosso elenco. Estamos em per\u00edodo eleitoral, quando nossa emissora precisa dedicar tempo da sua grade de programa\u00e7\u00e3o para veicula\u00e7\u00e3o dos spots da campanha pol\u00edtica, por isso estamos apresentando esta s\u00e9rie exclusiva.<\/p>\n<p>A <strong>playlist<\/strong> que vamos ouvir \u00e9 a seguinte:<\/p>\n<p>R4vel &#8211; Planar<br \/>\nCristina Caetano &#8211; Sob o Signo do Samba<br \/>\nYanto Laitano &#8211; \u00c9 Sacanagem<br \/>\nMopho &#8211; Nau a Vagar<br \/>\nJuliana Perdig\u00e3o &#8211; Ela \u00e9 o Samba<br \/>\nAtemiz &#8211; Anos Luz<br \/>\nCadu Pereira &#8211; A Cidade Sumiu<br \/>\nDandara Manoela &#8211; Raiz Forte<br \/>\nWesley Villagr\u00e1n &#8211; Sorte ou Morte<br \/>\nMirian\u00eas Zabot &#8211; Com a Perna no Mundo<br \/>\nGrupo Entre Elas &#8211; Me Entreguei<br \/>\nCaio Castelo &#8211; Tudo Vai Mudar<\/p>\n<p>O <strong><a title=\"Atra\u00e7\u00e3o Nacional\" href=\"https:\/\/aprendizdomundo.com\/portal\/perfil_atracaonacional\/\">Atra\u00e7\u00e3o Nacional<\/a><\/strong> vai ao ar pela <strong>Uni FM<\/strong>, de segunda a sexta, na faixa das 22h00 \u00e0s 23h00. A curadoria de elenco, dire\u00e7\u00e3o, pesquisa, produ\u00e7\u00e3o, sele\u00e7\u00e3o de repert\u00f3rio, reda\u00e7\u00e3o de texto, apresenta\u00e7\u00e3o e edi\u00e7\u00e3o \u00e9 de <strong><a title=\"Milton Oliveira\" target=\"_blank\" rel=\"noopener\" href=\"https:\/\/aprendizdomundo.com\/miltonoliveira\">Milton Oliveira<\/a><\/strong>.<\/p>\n<p>O programa pode ser ouvido pelos <strong>107.9 FM<\/strong>; pela home page da emissora, em <strong><a title=\"R\u00e1dio Uni FM\" href=\"https:\/\/www.ufsm.br\/radio\" target=\"_blank\" rel=\"noopener\">ufsm.br\/radio<\/a><\/strong>; ou pelo smartphone, acessando seu aplicativo favorito.<\/p>\n<p>O <strong>Atra\u00e7\u00e3o Nacional<\/strong> tamb\u00e9m \u00e9 veiculado pela <strong><a title=\"R\u00e1dio Universidade AM\" href=\"https:\/\/www.ufsm.br\/radio\" target=\"_blank\" rel=\"noopener\">Universidade 800 AM<\/a><\/strong>, de segunda a sexta, na faixa das 20h00 \u00e0s 21h00; pela <strong><a title=\"Resonance R\u00e1dio\" href=\"http:\/\/www.resonanceradio.com.br\/\" target=\"_blank\" rel=\"noopener\">Resonance R\u00e1dio<\/a><\/strong>, todo domingo, na faixa das 18h00 \u00e0s 19h00; e pela <strong><a title=\"R\u00e1dio Bloco\" href=\"http:\/\/www.radiobloco.net\/\" target=\"_blank\" rel=\"noopener\">R\u00e1dio Bloco<\/a><\/strong>, toda ter\u00e7a, na faixa das 17h00 \u00e0s 18h00. As audi\u00e7\u00f5es n\u00e3o s\u00e3o vinculadas, os destaques s\u00e3o sempre diferentes em cada emissora.<\/p>\n<p>Curta a fanpage do nosso programa em <strong><strong><a href=\"http:\/\/www.facebook.com\/atracaonacional\" target=\"_blank\" rel=\"noopener\" title=\"Atra\u00e7\u00e3o Nacional no Facebook\">facebook.com\/atracaonacional<\/a><\/strong><\/strong>.<\/p>\n","protected":false},"excerpt":{"rendered":"<p>Acompanhe o Atra\u00e7\u00e3o Nacional de hoje, a partir das 22h00, pela R\u00e1dio Uni FM. A audi\u00e7\u00e3o desta noite destaca mais uma sele\u00e7\u00e3o especial, reunindo diversos artistas do nosso elenco. Estamos em per\u00edodo eleitoral, quando nossa emissora precisa dedicar tempo da sua grade de programa\u00e7\u00e3o para veicula\u00e7\u00e3o dos spots da campanha pol\u00edtica, por isso estamos apresentando [&#8230;] <\/p>\n<p class=\"more-link-container\"><a href=\"https:\/\/aprendizdomundo.com\/portal\/2026\/08\/31\/atracaonacionalnaunifm2023\/\" class=\"more-link\">Read More<span class=\"screen-reader-text\"> &#8220;Atra\u00e7\u00e3o Nacional na Universidade AM nesta segunda, 31\/08&#8221;<\/span><\/a><\/p>\n","protected":false},"author":1,"featured_media":52890,"comment_status":"closed","ping_status":"closed","sticky":false,"template":"","format":"standard","meta":{"_eb_attr":"","footnotes":""},"categories":[4],"tags":[29,49,151],"class_list":["post-57683","post","type-post","status-publish","format-standard","has-post-thumbnail","hentry","category-atracao","tag-atracao-nacional","tag-musica-do-brasil","tag-selecao-especial"],"nelio_content":{"autoShareEndMode":"never","automationSources":{"useCustomSentences":false,"customSentences":[]},"efiAlt":"","efiUrl":"","followers":[1],"highlights":[],"isAutoShareEnabled":true,"networkImageIds":[],"permalinkQueryArgs":[],"series":[],"suggestedReferences":[]},"_links":{"self":[{"href":"https:\/\/aprendizdomundo.com\/portal\/wp-json\/wp\/v2\/posts\/57683","targetHints":{"allow":["GET"]}}],"collection":[{"href":"https:\/\/aprendizdomundo.com\/portal\/wp-json\/wp\/v2\/posts"}],"about":[{"href":"https:\/\/aprendizdomundo.com\/portal\/wp-json\/wp\/v2\/types\/post"}],"author":[{"embeddable":true,"href":"https:\/\/aprendizdomundo.com\/portal\/wp-json\/wp\/v2\/users\/1"}],"replies":[{"embeddable":true,"href":"https:\/\/aprendizdomundo.com\/portal\/wp-json\/wp\/v2\/comments?post=57683"}],"version-history":[{"count":1,"href":"https:\/\/aprendizdomundo.com\/portal\/wp-json\/wp\/v2\/posts\/57683\/revisions"}],"predecessor-version":[{"id":57684,"href":"https:\/\/aprendizdomundo.com\/portal\/wp-json\/wp\/v2\/posts\/57683\/revisions\/57684"}],"wp:featuredmedia":[{"embeddable":true,"href":"https:\/\/aprendizdomundo.com\/portal\/wp-json\/wp\/v2\/media\/52890"}],"wp:attachment":[{"href":"https:\/\/aprendizdomundo.com\/portal\/wp-json\/wp\/v2\/media?parent=57683"}],"wp:term":[{"taxonomy":"category","embeddable":true,"href":"https:\/\/aprendizdomundo.com\/portal\/wp-json\/wp\/v2\/categories?post=57683"},{"taxonomy":"post_tag","embeddable":true,"href":"https:\/\/aprendizdomundo.com\/portal\/wp-json\/wp\/v2\/tags?post=57683"}],"curies":[{"name":"wp","href":"https:\/\/api.w.org\/{rel}","templated":true}]}}