{"id":58017,"date":"2026-09-02T06:00:26","date_gmt":"2026-09-02T09:00:26","guid":{"rendered":"https:\/\/aprendizdomundo.com\/portal\/?p=58017"},"modified":"2026-08-18T17:57:59","modified_gmt":"2026-08-18T20:57:59","slug":"atracaonacional2130","status":"publish","type":"post","link":"https:\/\/aprendizdomundo.com\/portal\/2026\/09\/02\/atracaonacional2130\/","title":{"rendered":"Atra\u00e7\u00e3o Nacional na Universidade AM nesta quarta, 02\/09"},"content":{"rendered":"<p>Acompanhe a audi\u00e7\u00e3o 2130 (nos 800 AM) do <strong>Atra\u00e7\u00e3o Nacional<\/strong>, a partir das <strong>20h00<\/strong>, na programa\u00e7\u00e3o da <strong><a title=\"R\u00e1dio Universidade AM\" href=\"https:\/\/www.ufsm.br\/radio\" target=\"_blank\" rel=\"noopener\">R\u00e1dio Universidade AM<\/a><\/strong>.<\/p>\n<p><img fetchpriority=\"high\" decoding=\"async\" title=\"Atra\u00e7\u00e3o Nacional na Universidade AM\" class=\"alignleft\" src=\"https:\/\/aprendizdomundo.com\/imagens\/marca800_atracao_universidadeam.png\" alt=\"Atra\u00e7\u00e3o Nacional na Universidade AM\" width=\"320\" height=\"320\" \/>A audi\u00e7\u00e3o desta noite destaca mais uma sele\u00e7\u00e3o especial, reunindo diversos artistas do nosso elenco. Estamos em per\u00edodo eleitoral, quando nossa emissora precisa dedicar tempo da sua grade de programa\u00e7\u00e3o para veicula\u00e7\u00e3o dos spots da campanha pol\u00edtica, por isso estamos apresentando esta s\u00e9rie exclusiva.<\/p>\n<p>A <strong>playlist<\/strong> que vamos ouvir \u00e9 a seguinte:<\/p>\n<p>Vila Reggae &#8211; Abra\u00e7o Pro Mar<br \/>\nH\u00e9loa &#8211; A Vida \u00c9<br \/>\nRafael Rio Branco &#8211; Ei Amigo<br \/>\nFantom\u00e1ticos &#8211; Coisa Com Coisa<br \/>\nCristina Caetano &#8211; Sou Cabocla<br \/>\nBlack Bell Tone &#8211; Pra Balan\u00e7ar, na vers\u00e3o Neon Session<br \/>\nDeco Sampaio &#8211; Verdes Dias<br \/>\nDandara Manoela &#8211; Dona Georgina<br \/>\nM\u00e1rio Ghanna &#8211; Caco Valente<br \/>\nRenata Jambeiro &#8211; Amor Brasileiro<br \/>\nCamus &#8211; Perdido<br \/>\nAlberto Salgado &#8211; Da Jangada em Pleno Mar<\/p>\n<p>O <strong><a title=\"Atra\u00e7\u00e3o Nacional\" href=\"https:\/\/aprendizdomundo.com\/portal\/perfil_atracaonacional\/\">Atra\u00e7\u00e3o Nacional<\/a><\/strong> vai ao ar pela <strong>Universidade AM<\/strong>, de segunda a sexta, na faixa das 20h00 \u00e0s 21h00. A curadoria de elenco, dire\u00e7\u00e3o, pesquisa, produ\u00e7\u00e3o, sele\u00e7\u00e3o de repert\u00f3rio, reda\u00e7\u00e3o de texto, apresenta\u00e7\u00e3o e edi\u00e7\u00e3o \u00e9 de <strong><a title=\"Milton Oliveira\" target=\"_blank\" rel=\"noopener\" href=\"https:\/\/aprendizdomundo.com\/miltonoliveira\">Milton Oliveira<\/a><\/strong>.<\/p>\n<p>O programa pode ser ouvido pelos <strong>800 AM<\/strong>; pela home page da emissora, em <strong><a title=\"R\u00e1dio Universidade AM\" href=\"https:\/\/www.ufsm.br\/radio\" target=\"_blank\" rel=\"noopener\">ufsm.br\/radio<\/a><\/strong>; ou pelo smartphone, acessando seu aplicativo favorito.<\/p>\n<p>O <strong>Atra\u00e7\u00e3o Nacional<\/strong> tamb\u00e9m \u00e9 veiculado pela <strong><a title=\"R\u00e1dio Uni FM\" href=\"https:\/\/www.ufsm.br\/radio\" target=\"_blank\" rel=\"noopener\">Uni FM 107.9<\/a><\/strong>, de segunda a sexta, na faixa das 22h00 \u00e0s 23h00; pela <strong><a title=\"Resonance R\u00e1dio\" href=\"http:\/\/www.resonanceradio.com.br\/\" target=\"_blank\" rel=\"noopener\">Resonance R\u00e1dio<\/a><\/strong>, todo domingo, na faixa das 18h00 \u00e0s 19h00; e pela <strong><a title=\"R\u00e1dio Bloco\" href=\"http:\/\/www.radiobloco.net\/\" target=\"_blank\" rel=\"noopener\">R\u00e1dio Bloco<\/a><\/strong>, toda ter\u00e7a, na faixa das 17h00 \u00e0s 18h00. As audi\u00e7\u00f5es n\u00e3o s\u00e3o vinculadas, os destaques s\u00e3o sempre diferentes em cada emissora.<\/p>\n<p>Curta a fanpage do nosso programa em <strong><strong><a href=\"http:\/\/www.facebook.com\/atracaonacional\" target=\"_blank\" rel=\"noopener\" title=\"Atra\u00e7\u00e3o Nacional no Facebook\">facebook.com\/atracaonacional<\/a><\/strong><\/strong>.<\/p>\n","protected":false},"excerpt":{"rendered":"<p>Acompanhe a audi\u00e7\u00e3o 2130 (nos 800 AM) do Atra\u00e7\u00e3o Nacional, a partir das 20h00, na programa\u00e7\u00e3o da R\u00e1dio Universidade AM. A audi\u00e7\u00e3o desta noite destaca mais uma sele\u00e7\u00e3o especial, reunindo diversos artistas do nosso elenco. Estamos em per\u00edodo eleitoral, quando nossa emissora precisa dedicar tempo da sua grade de programa\u00e7\u00e3o para veicula\u00e7\u00e3o dos spots da [&#8230;] <\/p>\n<p class=\"more-link-container\"><a href=\"https:\/\/aprendizdomundo.com\/portal\/2026\/09\/02\/atracaonacional2130\/\" class=\"more-link\">Read More<span class=\"screen-reader-text\"> &#8220;Atra\u00e7\u00e3o Nacional na Universidade AM nesta quarta, 02\/09&#8221;<\/span><\/a><\/p>\n","protected":false},"author":1,"featured_media":52890,"comment_status":"closed","ping_status":"closed","sticky":false,"template":"","format":"standard","meta":{"_eb_attr":"","footnotes":""},"categories":[4],"tags":[29,49,151],"class_list":["post-58017","post","type-post","status-publish","format-standard","has-post-thumbnail","hentry","category-atracao","tag-atracao-nacional","tag-musica-do-brasil","tag-selecao-especial"],"nelio_content":{"autoShareEndMode":"never","automationSources":{"useCustomSentences":false,"customSentences":[]},"efiAlt":"","efiUrl":"","followers":[1],"highlights":[],"isAutoShareEnabled":true,"networkImageIds":[],"permalinkQueryArgs":[],"series":[],"suggestedReferences":[]},"_links":{"self":[{"href":"https:\/\/aprendizdomundo.com\/portal\/wp-json\/wp\/v2\/posts\/58017","targetHints":{"allow":["GET"]}}],"collection":[{"href":"https:\/\/aprendizdomundo.com\/portal\/wp-json\/wp\/v2\/posts"}],"about":[{"href":"https:\/\/aprendizdomundo.com\/portal\/wp-json\/wp\/v2\/types\/post"}],"author":[{"embeddable":true,"href":"https:\/\/aprendizdomundo.com\/portal\/wp-json\/wp\/v2\/users\/1"}],"replies":[{"embeddable":true,"href":"https:\/\/aprendizdomundo.com\/portal\/wp-json\/wp\/v2\/comments?post=58017"}],"version-history":[{"count":1,"href":"https:\/\/aprendizdomundo.com\/portal\/wp-json\/wp\/v2\/posts\/58017\/revisions"}],"predecessor-version":[{"id":58018,"href":"https:\/\/aprendizdomundo.com\/portal\/wp-json\/wp\/v2\/posts\/58017\/revisions\/58018"}],"wp:featuredmedia":[{"embeddable":true,"href":"https:\/\/aprendizdomundo.com\/portal\/wp-json\/wp\/v2\/media\/52890"}],"wp:attachment":[{"href":"https:\/\/aprendizdomundo.com\/portal\/wp-json\/wp\/v2\/media?parent=58017"}],"wp:term":[{"taxonomy":"category","embeddable":true,"href":"https:\/\/aprendizdomundo.com\/portal\/wp-json\/wp\/v2\/categories?post=58017"},{"taxonomy":"post_tag","embeddable":true,"href":"https:\/\/aprendizdomundo.com\/portal\/wp-json\/wp\/v2\/tags?post=58017"}],"curies":[{"name":"wp","href":"https:\/\/api.w.org\/{rel}","templated":true}]}}